
{"id":1505,"date":"2011-11-10T12:00:30","date_gmt":"2011-11-10T11:00:30","guid":{"rendered":"http:\/\/ausencias.es\/alhama\/?p=1505"},"modified":"2011-12-19T20:34:17","modified_gmt":"2011-12-19T19:34:17","slug":"maria-del-pilar-fernandez-martin","status":"publish","type":"post","link":"https:\/\/ausencias.es\/alhama\/?p=1505","title":{"rendered":"Maria del Pilar Fern\u00e1ndez Mart\u00edn"},"content":{"rendered":"<p><img loading=\"lazy\" decoding=\"async\" class=\"alignright size-full wp-image-1512\" title=\"maria_pilar_fernandez_martin\" src=\"http:\/\/ausencias.es\/alhama\/wp-content\/uploads\/2011\/11\/maria_pilar_fernandez_martin.gif\" alt=\"\" width=\"57\" height=\"85\" \/>Maria del Pilar Fern\u00e1ndez Mart\u00edn, de 36 a\u00f1os<\/p>\n<p>(- -\/10-11-2011)<\/p>\n<p>Falleci\u00f3 en Estepona (M\u00e1laga) y se vela en el tanatorio de Alhama.<\/p>\n<p>Entierro: <strong>Viernes 11 <\/strong>de noviembre, a las <strong>12 de mediod\u00eda.<\/strong><\/p>\n<p>Ceremonia religiosa: Iglesia del Carmen de Alhama de Granada.<\/p>\n<p>&nbsp;<\/p>\n","protected":false},"excerpt":{"rendered":"<p>Maria del Pilar Fern\u00e1ndez Mart\u00edn, de 36 a\u00f1os (- -\/10-11-2011) Falleci\u00f3 en Estepona (M\u00e1laga) y se vela en el tanatorio de Alhama. Entierro: Viernes 11 de noviembre, a las 12 de mediod\u00eda. Ceremonia religiosa: Iglesia del Carmen de Alhama de Granada. &nbsp;<\/p>\n","protected":false},"author":1,"featured_media":0,"comment_status":"open","ping_status":"open","sticky":false,"template":"","format":"standard","meta":{"footnotes":""},"categories":[3],"tags":[],"class_list":["post-1505","post","type-post","status-publish","format-standard","hentry","category-alhama","no-thumb"],"_links":{"self":[{"href":"https:\/\/ausencias.es\/alhama\/index.php?rest_route=\/wp\/v2\/posts\/1505","targetHints":{"allow":["GET"]}}],"collection":[{"href":"https:\/\/ausencias.es\/alhama\/index.php?rest_route=\/wp\/v2\/posts"}],"about":[{"href":"https:\/\/ausencias.es\/alhama\/index.php?rest_route=\/wp\/v2\/types\/post"}],"author":[{"embeddable":true,"href":"https:\/\/ausencias.es\/alhama\/index.php?rest_route=\/wp\/v2\/users\/1"}],"replies":[{"embeddable":true,"href":"https:\/\/ausencias.es\/alhama\/index.php?rest_route=%2Fwp%2Fv2%2Fcomments&post=1505"}],"version-history":[{"count":7,"href":"https:\/\/ausencias.es\/alhama\/index.php?rest_route=\/wp\/v2\/posts\/1505\/revisions"}],"predecessor-version":[{"id":1507,"href":"https:\/\/ausencias.es\/alhama\/index.php?rest_route=\/wp\/v2\/posts\/1505\/revisions\/1507"}],"wp:attachment":[{"href":"https:\/\/ausencias.es\/alhama\/index.php?rest_route=%2Fwp%2Fv2%2Fmedia&parent=1505"}],"wp:term":[{"taxonomy":"category","embeddable":true,"href":"https:\/\/ausencias.es\/alhama\/index.php?rest_route=%2Fwp%2Fv2%2Fcategories&post=1505"},{"taxonomy":"post_tag","embeddable":true,"href":"https:\/\/ausencias.es\/alhama\/index.php?rest_route=%2Fwp%2Fv2%2Ftags&post=1505"}],"curies":[{"name":"wp","href":"https:\/\/api.w.org\/{rel}","templated":true}]}}