
{"id":4478,"date":"2018-12-21T13:00:10","date_gmt":"2018-12-21T12:00:10","guid":{"rendered":"http:\/\/ausencias.es\/alhama\/?p=4478"},"modified":"2018-12-21T16:58:31","modified_gmt":"2018-12-21T15:58:31","slug":"maria-garcia-tirado","status":"publish","type":"post","link":"https:\/\/ausencias.es\/alhama\/?p=4478","title":{"rendered":"Mar\u00eda Garc\u00eda Tirado"},"content":{"rendered":"<p><span><img loading=\"lazy\" decoding=\"async\" class=\"alignleft wp-image-4479 size-full\" title=\"Mar\u00eda Garc\u00eda Tirado\" src=\"http:\/\/ausencias.es\/alhama\/wp-content\/uploads\/2018\/12\/maria_garcia_tirado.gif\" alt=\"\" width=\"57\" height=\"85\" \/>Mar\u00eda Garc\u00eda Tirado, de 84 a\u00f1os.<br \/>\n(18-01-1934 \/ 21-12-2018)<br \/>\nEntierro: S\u00e1bado 22 de diciembre, 11 de la ma\u00f1ana.<br \/>\nCeremonia religiosa: Iglesia del Carmen.<br \/>\nAlhama de Granada<br \/>\n<\/span><\/p>\n","protected":false},"excerpt":{"rendered":"<p>Mar\u00eda Garc\u00eda Tirado, de 84 a\u00f1os. (18-01-1934 \/ 21-12-2018) Entierro: S\u00e1bado 22 de diciembre, 11 de la ma\u00f1ana. Ceremonia religiosa: Iglesia del Carmen. Alhama de Granada<\/p>\n","protected":false},"author":1,"featured_media":0,"comment_status":"open","ping_status":"open","sticky":false,"template":"","format":"standard","meta":{"footnotes":""},"categories":[3],"tags":[],"class_list":["post-4478","post","type-post","status-publish","format-standard","hentry","category-alhama","no-thumb"],"_links":{"self":[{"href":"https:\/\/ausencias.es\/alhama\/index.php?rest_route=\/wp\/v2\/posts\/4478","targetHints":{"allow":["GET"]}}],"collection":[{"href":"https:\/\/ausencias.es\/alhama\/index.php?rest_route=\/wp\/v2\/posts"}],"about":[{"href":"https:\/\/ausencias.es\/alhama\/index.php?rest_route=\/wp\/v2\/types\/post"}],"author":[{"embeddable":true,"href":"https:\/\/ausencias.es\/alhama\/index.php?rest_route=\/wp\/v2\/users\/1"}],"replies":[{"embeddable":true,"href":"https:\/\/ausencias.es\/alhama\/index.php?rest_route=%2Fwp%2Fv2%2Fcomments&post=4478"}],"version-history":[{"count":1,"href":"https:\/\/ausencias.es\/alhama\/index.php?rest_route=\/wp\/v2\/posts\/4478\/revisions"}],"predecessor-version":[{"id":4480,"href":"https:\/\/ausencias.es\/alhama\/index.php?rest_route=\/wp\/v2\/posts\/4478\/revisions\/4480"}],"wp:attachment":[{"href":"https:\/\/ausencias.es\/alhama\/index.php?rest_route=%2Fwp%2Fv2%2Fmedia&parent=4478"}],"wp:term":[{"taxonomy":"category","embeddable":true,"href":"https:\/\/ausencias.es\/alhama\/index.php?rest_route=%2Fwp%2Fv2%2Fcategories&post=4478"},{"taxonomy":"post_tag","embeddable":true,"href":"https:\/\/ausencias.es\/alhama\/index.php?rest_route=%2Fwp%2Fv2%2Ftags&post=4478"}],"curies":[{"name":"wp","href":"https:\/\/api.w.org\/{rel}","templated":true}]}}