
{"id":5064,"date":"2020-05-01T01:00:52","date_gmt":"2020-04-30T23:00:52","guid":{"rendered":"http:\/\/ausencias.es\/alhama\/?p=5064"},"modified":"2020-05-02T13:20:28","modified_gmt":"2020-05-02T11:20:28","slug":"francisco-jose-fernandez-maldonado","status":"publish","type":"post","link":"https:\/\/ausencias.es\/alhama\/?p=5064","title":{"rendered":"Francisco Jos\u00e9 Fern\u00e1ndez Maldonado"},"content":{"rendered":"<p><img loading=\"lazy\" decoding=\"async\" class=\"alignleft wp-image-5069 size-full\" title=\"Francisco Jos\u00e9 Fern\u00e1ndez Maldonado\" src=\"http:\/\/ausencias.es\/alhama\/wp-content\/uploads\/2020\/05\/francisco_jose_fernandez_maldonado2.jpg\" alt=\"\" width=\"85\" height=\"113\" \/>Francisco Jos\u00e9 Fern\u00e1ndez Maldonado, de 57 a\u00f1os.<br \/>\n(29-10-1962 \/ 01-05-2020)<br \/>\nEntierro cat\u00f3lico:<br \/>\nViernes 01 de mayo, 7 de la tarde.<br \/>\nResponso en el mismo cementerio,<br \/>\n(<a href=\"http:\/\/ausencias.es\/alhama\/?p=4959\">por la cuarentena decretada<\/a>).<br \/>\nAlhama de Granada.<\/p>\n","protected":false},"excerpt":{"rendered":"<p>Francisco Jos\u00e9 Fern\u00e1ndez Maldonado, de 57 a\u00f1os. (29-10-1962 \/ 01-05-2020) Entierro cat\u00f3lico: Viernes 01 de mayo, 7 de la tarde. Responso en el mismo cementerio, (por la cuarentena decretada). Alhama de Granada.<\/p>\n","protected":false},"author":1,"featured_media":0,"comment_status":"open","ping_status":"open","sticky":false,"template":"","format":"standard","meta":{"footnotes":""},"categories":[3],"tags":[],"class_list":["post-5064","post","type-post","status-publish","format-standard","hentry","category-alhama","no-thumb"],"_links":{"self":[{"href":"https:\/\/ausencias.es\/alhama\/index.php?rest_route=\/wp\/v2\/posts\/5064","targetHints":{"allow":["GET"]}}],"collection":[{"href":"https:\/\/ausencias.es\/alhama\/index.php?rest_route=\/wp\/v2\/posts"}],"about":[{"href":"https:\/\/ausencias.es\/alhama\/index.php?rest_route=\/wp\/v2\/types\/post"}],"author":[{"embeddable":true,"href":"https:\/\/ausencias.es\/alhama\/index.php?rest_route=\/wp\/v2\/users\/1"}],"replies":[{"embeddable":true,"href":"https:\/\/ausencias.es\/alhama\/index.php?rest_route=%2Fwp%2Fv2%2Fcomments&post=5064"}],"version-history":[{"count":4,"href":"https:\/\/ausencias.es\/alhama\/index.php?rest_route=\/wp\/v2\/posts\/5064\/revisions"}],"predecessor-version":[{"id":5070,"href":"https:\/\/ausencias.es\/alhama\/index.php?rest_route=\/wp\/v2\/posts\/5064\/revisions\/5070"}],"wp:attachment":[{"href":"https:\/\/ausencias.es\/alhama\/index.php?rest_route=%2Fwp%2Fv2%2Fmedia&parent=5064"}],"wp:term":[{"taxonomy":"category","embeddable":true,"href":"https:\/\/ausencias.es\/alhama\/index.php?rest_route=%2Fwp%2Fv2%2Fcategories&post=5064"},{"taxonomy":"post_tag","embeddable":true,"href":"https:\/\/ausencias.es\/alhama\/index.php?rest_route=%2Fwp%2Fv2%2Ftags&post=5064"}],"curies":[{"name":"wp","href":"https:\/\/api.w.org\/{rel}","templated":true}]}}