
{"id":5398,"date":"2021-02-16T12:00:32","date_gmt":"2021-02-16T11:00:32","guid":{"rendered":"http:\/\/ausencias.es\/alhama\/?p=5398"},"modified":"2021-05-23T18:31:23","modified_gmt":"2021-05-23T16:31:23","slug":"salvador-castillo-fernandez","status":"publish","type":"post","link":"https:\/\/ausencias.es\/alhama\/?p=5398","title":{"rendered":"Salvador Castillo Fern\u00e1ndez"},"content":{"rendered":"<p><img loading=\"lazy\" decoding=\"async\" class=\"alignleft wp-image-5400 size-full\" title=\"Salvador Castillo Fern\u00e1ndez\" src=\"http:\/\/ausencias.es\/alhama\/wp-content\/uploads\/2021\/02\/salvador_castillo_fernandez.jpg\" alt=\"\" width=\"85\" height=\"113\" \/>Salvador Castillo Fern\u00e1ndez, de 69 a\u00f1os.<br \/>\n(12-12-1951 \/ 16-02-2021)<br \/>\nFalleci\u00f3 en Barcelona y ya est\u00e1 en Alhama<br \/>\nEntierro cat\u00f3lico:<br \/>\nViernes 19 de febrero, 10:30 de la ma\u00f1ana.<br \/>\nIglesia del Carmen.<br \/>\n*\u00a0<a href=\"http:\/\/ausencias.es\/alhama\/?p=4959\">Observando la\u00a0<strong>legislaci\u00f3n sanitaria actual<\/strong><\/a>.<br \/>\nAlhama de Granada.<\/p>\n","protected":false},"excerpt":{"rendered":"<p>Salvador Castillo Fern\u00e1ndez, de 69 a\u00f1os. (12-12-1951 \/ 16-02-2021) Falleci\u00f3 en Barcelona y ya est\u00e1 en Alhama Entierro cat\u00f3lico: Viernes 19 de febrero, 10:30 de la ma\u00f1ana. Iglesia del Carmen. *\u00a0Observando la\u00a0legislaci\u00f3n sanitaria actual. Alhama de Granada.<\/p>\n","protected":false},"author":1,"featured_media":0,"comment_status":"open","ping_status":"open","sticky":false,"template":"","format":"standard","meta":{"footnotes":""},"categories":[3],"tags":[],"class_list":["post-5398","post","type-post","status-publish","format-standard","hentry","category-alhama","no-thumb"],"_links":{"self":[{"href":"https:\/\/ausencias.es\/alhama\/index.php?rest_route=\/wp\/v2\/posts\/5398","targetHints":{"allow":["GET"]}}],"collection":[{"href":"https:\/\/ausencias.es\/alhama\/index.php?rest_route=\/wp\/v2\/posts"}],"about":[{"href":"https:\/\/ausencias.es\/alhama\/index.php?rest_route=\/wp\/v2\/types\/post"}],"author":[{"embeddable":true,"href":"https:\/\/ausencias.es\/alhama\/index.php?rest_route=\/wp\/v2\/users\/1"}],"replies":[{"embeddable":true,"href":"https:\/\/ausencias.es\/alhama\/index.php?rest_route=%2Fwp%2Fv2%2Fcomments&post=5398"}],"version-history":[{"count":4,"href":"https:\/\/ausencias.es\/alhama\/index.php?rest_route=\/wp\/v2\/posts\/5398\/revisions"}],"predecessor-version":[{"id":5508,"href":"https:\/\/ausencias.es\/alhama\/index.php?rest_route=\/wp\/v2\/posts\/5398\/revisions\/5508"}],"wp:attachment":[{"href":"https:\/\/ausencias.es\/alhama\/index.php?rest_route=%2Fwp%2Fv2%2Fmedia&parent=5398"}],"wp:term":[{"taxonomy":"category","embeddable":true,"href":"https:\/\/ausencias.es\/alhama\/index.php?rest_route=%2Fwp%2Fv2%2Fcategories&post=5398"},{"taxonomy":"post_tag","embeddable":true,"href":"https:\/\/ausencias.es\/alhama\/index.php?rest_route=%2Fwp%2Fv2%2Ftags&post=5398"}],"curies":[{"name":"wp","href":"https:\/\/api.w.org\/{rel}","templated":true}]}}