
{"id":6160,"date":"2023-07-06T20:00:40","date_gmt":"2023-07-06T18:00:40","guid":{"rendered":"https:\/\/ausencias.es\/alhama\/?p=6160"},"modified":"2023-07-08T09:19:09","modified_gmt":"2023-07-08T07:19:09","slug":"maria-sanchez-raya","status":"publish","type":"post","link":"https:\/\/ausencias.es\/alhama\/?p=6160","title":{"rendered":"Mar\u00eda S\u00e1nchez Raya"},"content":{"rendered":"<p>Mar\u00eda S\u00e1nchez Raya, de 95 a\u00f1os.<br \/>\n(01-05-1928 \/ 06-07-2023)<br \/>\nEntierro cat\u00f3lico<br \/>\nViernes 7 de julio, 6:30 de la tarde.<br \/>\nIglesia del Carmen<br \/>\nAlhama de Granada<\/p>\n","protected":false},"excerpt":{"rendered":"<p>Mar\u00eda S\u00e1nchez Raya, de 95 a\u00f1os. (01-05-1928 \/ 06-07-2023) Entierro cat\u00f3lico Viernes 7 de julio, 6:30 de la tarde. Iglesia del Carmen Alhama de Granada<\/p>\n","protected":false},"author":1,"featured_media":0,"comment_status":"open","ping_status":"open","sticky":false,"template":"","format":"standard","meta":{"footnotes":""},"categories":[3],"tags":[],"class_list":["post-6160","post","type-post","status-publish","format-standard","hentry","category-alhama","no-thumb"],"_links":{"self":[{"href":"https:\/\/ausencias.es\/alhama\/index.php?rest_route=\/wp\/v2\/posts\/6160","targetHints":{"allow":["GET"]}}],"collection":[{"href":"https:\/\/ausencias.es\/alhama\/index.php?rest_route=\/wp\/v2\/posts"}],"about":[{"href":"https:\/\/ausencias.es\/alhama\/index.php?rest_route=\/wp\/v2\/types\/post"}],"author":[{"embeddable":true,"href":"https:\/\/ausencias.es\/alhama\/index.php?rest_route=\/wp\/v2\/users\/1"}],"replies":[{"embeddable":true,"href":"https:\/\/ausencias.es\/alhama\/index.php?rest_route=%2Fwp%2Fv2%2Fcomments&post=6160"}],"version-history":[{"count":1,"href":"https:\/\/ausencias.es\/alhama\/index.php?rest_route=\/wp\/v2\/posts\/6160\/revisions"}],"predecessor-version":[{"id":6161,"href":"https:\/\/ausencias.es\/alhama\/index.php?rest_route=\/wp\/v2\/posts\/6160\/revisions\/6161"}],"wp:attachment":[{"href":"https:\/\/ausencias.es\/alhama\/index.php?rest_route=%2Fwp%2Fv2%2Fmedia&parent=6160"}],"wp:term":[{"taxonomy":"category","embeddable":true,"href":"https:\/\/ausencias.es\/alhama\/index.php?rest_route=%2Fwp%2Fv2%2Fcategories&post=6160"},{"taxonomy":"post_tag","embeddable":true,"href":"https:\/\/ausencias.es\/alhama\/index.php?rest_route=%2Fwp%2Fv2%2Ftags&post=6160"}],"curies":[{"name":"wp","href":"https:\/\/api.w.org\/{rel}","templated":true}]}}