
{"id":6455,"date":"2024-01-14T13:13:23","date_gmt":"2024-01-14T12:13:23","guid":{"rendered":"https:\/\/ausencias.es\/alhama\/?p=6455"},"modified":"2024-01-14T19:59:53","modified_gmt":"2024-01-14T18:59:53","slug":"eduardo-correa-gutierrez","status":"publish","type":"post","link":"https:\/\/ausencias.es\/alhama\/?p=6455","title":{"rendered":"Eduardo Correa Guti\u00e9rrez"},"content":{"rendered":"<p><img loading=\"lazy\" decoding=\"async\" class=\"size-full wp-image-6456 alignleft\" src=\"https:\/\/ausencias.es\/alhama\/wp-content\/uploads\/2024\/01\/eduardo_correa_gutierrez.jpg\" alt=\"Eduardo Correa Guti\u00e9rrez\" width=\"85\" height=\"113\" \/>Eduardo Correa Guti\u00e9rrez, de 67 a\u00f1os<br \/>\n(06-08-1956 \/ 14-01-2024)<br \/>\nDespedida por el rito cat\u00f3lico:<br \/>\nLunes 15 de enero, 13:30 del mediod\u00eda.<br \/>\nIglesia del Carmen.<br \/>\nAlhama de Granada,<br \/>\ntras la cual se incinera en V\u00e9lez M\u00e1laga.<\/p>\n","protected":false},"excerpt":{"rendered":"<p>Eduardo Correa Guti\u00e9rrez, de 67 a\u00f1os (06-08-1956 \/ 14-01-2024) Despedida por el rito cat\u00f3lico: Lunes 15 de enero, 13:30 del mediod\u00eda. Iglesia del Carmen. Alhama de Granada, tras la cual se incinera en V\u00e9lez M\u00e1laga.<\/p>\n","protected":false},"author":1,"featured_media":0,"comment_status":"open","ping_status":"open","sticky":false,"template":"","format":"standard","meta":{"footnotes":""},"categories":[4],"tags":[],"class_list":["post-6455","post","type-post","status-publish","format-standard","hentry","category-incineracion","no-thumb"],"_links":{"self":[{"href":"https:\/\/ausencias.es\/alhama\/index.php?rest_route=\/wp\/v2\/posts\/6455","targetHints":{"allow":["GET"]}}],"collection":[{"href":"https:\/\/ausencias.es\/alhama\/index.php?rest_route=\/wp\/v2\/posts"}],"about":[{"href":"https:\/\/ausencias.es\/alhama\/index.php?rest_route=\/wp\/v2\/types\/post"}],"author":[{"embeddable":true,"href":"https:\/\/ausencias.es\/alhama\/index.php?rest_route=\/wp\/v2\/users\/1"}],"replies":[{"embeddable":true,"href":"https:\/\/ausencias.es\/alhama\/index.php?rest_route=%2Fwp%2Fv2%2Fcomments&post=6455"}],"version-history":[{"count":1,"href":"https:\/\/ausencias.es\/alhama\/index.php?rest_route=\/wp\/v2\/posts\/6455\/revisions"}],"predecessor-version":[{"id":6457,"href":"https:\/\/ausencias.es\/alhama\/index.php?rest_route=\/wp\/v2\/posts\/6455\/revisions\/6457"}],"wp:attachment":[{"href":"https:\/\/ausencias.es\/alhama\/index.php?rest_route=%2Fwp%2Fv2%2Fmedia&parent=6455"}],"wp:term":[{"taxonomy":"category","embeddable":true,"href":"https:\/\/ausencias.es\/alhama\/index.php?rest_route=%2Fwp%2Fv2%2Fcategories&post=6455"},{"taxonomy":"post_tag","embeddable":true,"href":"https:\/\/ausencias.es\/alhama\/index.php?rest_route=%2Fwp%2Fv2%2Ftags&post=6455"}],"curies":[{"name":"wp","href":"https:\/\/api.w.org\/{rel}","templated":true}]}}