
{"id":6977,"date":"2025-08-29T12:00:26","date_gmt":"2025-08-29T10:00:26","guid":{"rendered":"https:\/\/ausencias.es\/alhama\/?p=6977"},"modified":"2025-08-29T17:32:33","modified_gmt":"2025-08-29T15:32:33","slug":"maria-pinos-vargas","status":"publish","type":"post","link":"https:\/\/ausencias.es\/alhama\/?p=6977","title":{"rendered":"Mar\u00eda Pinos Vargas"},"content":{"rendered":"<p><img loading=\"lazy\" decoding=\"async\" class=\"size-full wp-image-6978 alignleft\" src=\"https:\/\/ausencias.es\/alhama\/wp-content\/uploads\/2025\/08\/maria_pinos_vargas.jpg\" alt=\"Mar\u00eda Pinos Vargas\" width=\"85\" height=\"113\" \/>Mar\u00eda Pinos Vargas, de 88 a\u00f1os.<br \/>\n(15-12-1936 \/ 29-08-2025)<br \/>\nDespedida por el rito cat\u00f3lico<br \/>\nS\u00e1bado, 30 de agosto, 12:30 del mediod\u00eda.<br \/>\nIglesia del Carmen.<br \/>\nAlhama de Granada.<\/p>\n","protected":false},"excerpt":{"rendered":"<p>Mar\u00eda Pinos Vargas, de 88 a\u00f1os. (15-12-1936 \/ 29-08-2025) Despedida por el rito cat\u00f3lico S\u00e1bado, 30 de agosto, 12:30 del mediod\u00eda. Iglesia del Carmen. Alhama de Granada.<\/p>\n","protected":false},"author":1,"featured_media":0,"comment_status":"open","ping_status":"open","sticky":false,"template":"","format":"standard","meta":{"footnotes":""},"categories":[3],"tags":[],"class_list":["post-6977","post","type-post","status-publish","format-standard","hentry","category-alhama","no-thumb"],"_links":{"self":[{"href":"https:\/\/ausencias.es\/alhama\/index.php?rest_route=\/wp\/v2\/posts\/6977","targetHints":{"allow":["GET"]}}],"collection":[{"href":"https:\/\/ausencias.es\/alhama\/index.php?rest_route=\/wp\/v2\/posts"}],"about":[{"href":"https:\/\/ausencias.es\/alhama\/index.php?rest_route=\/wp\/v2\/types\/post"}],"author":[{"embeddable":true,"href":"https:\/\/ausencias.es\/alhama\/index.php?rest_route=\/wp\/v2\/users\/1"}],"replies":[{"embeddable":true,"href":"https:\/\/ausencias.es\/alhama\/index.php?rest_route=%2Fwp%2Fv2%2Fcomments&post=6977"}],"version-history":[{"count":1,"href":"https:\/\/ausencias.es\/alhama\/index.php?rest_route=\/wp\/v2\/posts\/6977\/revisions"}],"predecessor-version":[{"id":6979,"href":"https:\/\/ausencias.es\/alhama\/index.php?rest_route=\/wp\/v2\/posts\/6977\/revisions\/6979"}],"wp:attachment":[{"href":"https:\/\/ausencias.es\/alhama\/index.php?rest_route=%2Fwp%2Fv2%2Fmedia&parent=6977"}],"wp:term":[{"taxonomy":"category","embeddable":true,"href":"https:\/\/ausencias.es\/alhama\/index.php?rest_route=%2Fwp%2Fv2%2Fcategories&post=6977"},{"taxonomy":"post_tag","embeddable":true,"href":"https:\/\/ausencias.es\/alhama\/index.php?rest_route=%2Fwp%2Fv2%2Ftags&post=6977"}],"curies":[{"name":"wp","href":"https:\/\/api.w.org\/{rel}","templated":true}]}}