
{"id":7143,"date":"2026-03-03T12:00:32","date_gmt":"2026-03-03T11:00:32","guid":{"rendered":"https:\/\/ausencias.es\/alhama\/?p=7143"},"modified":"2026-03-13T09:41:32","modified_gmt":"2026-03-13T08:41:32","slug":"francisco-gabriel-castillo-romero","status":"publish","type":"post","link":"https:\/\/ausencias.es\/alhama\/?p=7143","title":{"rendered":"Francisco Gabriel Castillo Romero"},"content":{"rendered":"<p><img loading=\"lazy\" decoding=\"async\" class=\"alignleft wp-image-7144 size-full\" title=\"Francisco Gabriel Castillo Romero\" src=\"https:\/\/ausencias.es\/alhama\/wp-content\/uploads\/2026\/03\/francisco_gabriel_castillo_romero.jpg\" alt=\"Francisco Gabriel Castillo Romero\" width=\"85\" height=\"113\" \/>Francisco Gabriel Castillo Romero, de 78 a\u00f1os.<br \/>\n(02-02-1948 \/ 03-03-2026)<br \/>\nDespedida por el rito cat\u00f3lico<br \/>\nMi\u00e9rcoles 4 de marzo, 12 del mediod\u00eda.<br \/>\nIglesia del Carmen.<br \/>\nAlhama de Granada.<\/p>\n<p><!--more--><\/p>\n<p>&#8211; <a href=\"https:\/\/alhama.com\/digital\/myblog\/cartas-alhamenas\/17298\" target=\"_blank\" rel=\"noopener\">En recuerdo y sentimiento a Paco Castillo Romero, por Andr\u00e9s Garc\u00eda Maldonado en alhama.com<\/a>.<\/p>\n<p>&nbsp;<\/p>\n","protected":false},"excerpt":{"rendered":"<p>Francisco Gabriel Castillo Romero, de 78 a\u00f1os. (02-02-1948 \/ 03-03-2026) Despedida por el rito cat\u00f3lico Mi\u00e9rcoles 4 de marzo, 12 del mediod\u00eda. Iglesia del Carmen. Alhama de Granada.<\/p>\n","protected":false},"author":1,"featured_media":0,"comment_status":"open","ping_status":"open","sticky":false,"template":"","format":"standard","meta":{"footnotes":""},"categories":[3],"tags":[],"class_list":["post-7143","post","type-post","status-publish","format-standard","hentry","category-alhama","no-thumb"],"_links":{"self":[{"href":"https:\/\/ausencias.es\/alhama\/index.php?rest_route=\/wp\/v2\/posts\/7143","targetHints":{"allow":["GET"]}}],"collection":[{"href":"https:\/\/ausencias.es\/alhama\/index.php?rest_route=\/wp\/v2\/posts"}],"about":[{"href":"https:\/\/ausencias.es\/alhama\/index.php?rest_route=\/wp\/v2\/types\/post"}],"author":[{"embeddable":true,"href":"https:\/\/ausencias.es\/alhama\/index.php?rest_route=\/wp\/v2\/users\/1"}],"replies":[{"embeddable":true,"href":"https:\/\/ausencias.es\/alhama\/index.php?rest_route=%2Fwp%2Fv2%2Fcomments&post=7143"}],"version-history":[{"count":4,"href":"https:\/\/ausencias.es\/alhama\/index.php?rest_route=\/wp\/v2\/posts\/7143\/revisions"}],"predecessor-version":[{"id":7158,"href":"https:\/\/ausencias.es\/alhama\/index.php?rest_route=\/wp\/v2\/posts\/7143\/revisions\/7158"}],"wp:attachment":[{"href":"https:\/\/ausencias.es\/alhama\/index.php?rest_route=%2Fwp%2Fv2%2Fmedia&parent=7143"}],"wp:term":[{"taxonomy":"category","embeddable":true,"href":"https:\/\/ausencias.es\/alhama\/index.php?rest_route=%2Fwp%2Fv2%2Fcategories&post=7143"},{"taxonomy":"post_tag","embeddable":true,"href":"https:\/\/ausencias.es\/alhama\/index.php?rest_route=%2Fwp%2Fv2%2Ftags&post=7143"}],"curies":[{"name":"wp","href":"https:\/\/api.w.org\/{rel}","templated":true}]}}