
{"id":7190,"date":"2026-04-28T14:00:18","date_gmt":"2026-04-28T12:00:18","guid":{"rendered":"https:\/\/ausencias.es\/alhama\/?p=7190"},"modified":"2026-04-29T11:04:42","modified_gmt":"2026-04-29T09:04:42","slug":"alvaro-marquez-marquez","status":"publish","type":"post","link":"https:\/\/ausencias.es\/alhama\/?p=7190","title":{"rendered":"\u00c1lvaro M\u00e1rquez M\u00e1rquez"},"content":{"rendered":"<p><img loading=\"lazy\" decoding=\"async\" class=\"alignleft wp-image-7191 size-full\" title=\"\u00c1lvaro M\u00e1rquez M\u00e1rquez\" src=\"https:\/\/ausencias.es\/alhama\/wp-content\/uploads\/2026\/04\/alvaro_marquez_marquez.jpg\" alt=\"\u00c1lvaro M\u00e1rquez M\u00e1rquez\" width=\"85\" height=\"113\" \/>\u00c1lvaro M\u00e1rquez M\u00e1rquez, de 78 a\u00f1os.<br \/>\n(16-10-1947 \/ 28-04-2026)<br \/>\nDespedida civil:<br \/>\nMi\u00e9rcoles 29 de abril, 6:30 de la tarde,<br \/>\nen el propio tanatorio de Alhama,<br \/>\ntras la cual se incinera en Santa Fe.<\/p>\n","protected":false},"excerpt":{"rendered":"<p>\u00c1lvaro M\u00e1rquez M\u00e1rquez, de 78 a\u00f1os. (16-10-1947 \/ 28-04-2026) Despedida civil: Mi\u00e9rcoles 29 de abril, 6:30 de la tarde, en el propio tanatorio de Alhama, tras la cual se incinera en Santa Fe.<\/p>\n","protected":false},"author":1,"featured_media":0,"comment_status":"open","ping_status":"open","sticky":false,"template":"","format":"standard","meta":{"footnotes":""},"categories":[4],"tags":[],"class_list":["post-7190","post","type-post","status-publish","format-standard","hentry","category-incineracion","no-thumb"],"_links":{"self":[{"href":"https:\/\/ausencias.es\/alhama\/index.php?rest_route=\/wp\/v2\/posts\/7190","targetHints":{"allow":["GET"]}}],"collection":[{"href":"https:\/\/ausencias.es\/alhama\/index.php?rest_route=\/wp\/v2\/posts"}],"about":[{"href":"https:\/\/ausencias.es\/alhama\/index.php?rest_route=\/wp\/v2\/types\/post"}],"author":[{"embeddable":true,"href":"https:\/\/ausencias.es\/alhama\/index.php?rest_route=\/wp\/v2\/users\/1"}],"replies":[{"embeddable":true,"href":"https:\/\/ausencias.es\/alhama\/index.php?rest_route=%2Fwp%2Fv2%2Fcomments&post=7190"}],"version-history":[{"count":5,"href":"https:\/\/ausencias.es\/alhama\/index.php?rest_route=\/wp\/v2\/posts\/7190\/revisions"}],"predecessor-version":[{"id":7196,"href":"https:\/\/ausencias.es\/alhama\/index.php?rest_route=\/wp\/v2\/posts\/7190\/revisions\/7196"}],"wp:attachment":[{"href":"https:\/\/ausencias.es\/alhama\/index.php?rest_route=%2Fwp%2Fv2%2Fmedia&parent=7190"}],"wp:term":[{"taxonomy":"category","embeddable":true,"href":"https:\/\/ausencias.es\/alhama\/index.php?rest_route=%2Fwp%2Fv2%2Fcategories&post=7190"},{"taxonomy":"post_tag","embeddable":true,"href":"https:\/\/ausencias.es\/alhama\/index.php?rest_route=%2Fwp%2Fv2%2Ftags&post=7190"}],"curies":[{"name":"wp","href":"https:\/\/api.w.org\/{rel}","templated":true}]}}