
{"id":745,"date":"2009-10-19T18:00:11","date_gmt":"2009-10-19T16:00:11","guid":{"rendered":"http:\/\/ausencias.es\/alhama\/?p=745"},"modified":"2009-10-23T11:35:34","modified_gmt":"2009-10-23T09:35:34","slug":"francisca-maria-fernandez-olmos","status":"publish","type":"post","link":"https:\/\/ausencias.es\/alhama\/?p=745","title":{"rendered":"Francisca Mar\u00eda Fern\u00e1ndez Olmos"},"content":{"rendered":"<p><span style=\"font-family: Arial; font-size: x-small;\"><span style=\"font-size: 10pt; font-family: Arial;\"><img loading=\"lazy\" decoding=\"async\" class=\"alignright size-full wp-image-749\" style=\"margin-left: 5px; margin-right: 5px;\" title=\"Francisca Mar\u00eda Fern\u00e1ndez Olmos\" src=\"http:\/\/ausencias.es\/alhama\/wp-content\/uploads\/2009\/10\/Francisca_Fernandez_OLmos.gif\" alt=\"Francisca Mar\u00eda Fern\u00e1ndez Olmos\" width=\"57\" height=\"85\" \/>Francisca Mar\u00eda Fern\u00e1ndez Olmos, de 45 a\u00f1os<\/span><\/span><\/p>\n<p><span style=\"font-family: Arial; font-size: x-small;\"><span style=\"font-size: 10pt; font-family: Arial;\">(28\/10\/1963 &#8211; 19\/10\/2009) Falleci\u00f3 en Sevilla<\/span><\/span><\/p>\n<p>Entierro: <strong>Martes d\u00eda 20<\/strong> de octubre, a las <strong>6 de la tarde<\/strong> en Alhama.<\/p>\n<p>Ceremonia religiosa: Iglesia del Carmen de Alhama de Granada.<\/p>\n","protected":false},"excerpt":{"rendered":"<p>Francisca Mar\u00eda Fern\u00e1ndez Olmos, de 45 a\u00f1os (28\/10\/1963 &#8211; 19\/10\/2009) Falleci\u00f3 en Sevilla Entierro: Martes d\u00eda 20 de octubre, a las 6 de la tarde en Alhama. Ceremonia religiosa: Iglesia del Carmen de Alhama de Granada.<\/p>\n","protected":false},"author":1,"featured_media":0,"comment_status":"open","ping_status":"open","sticky":false,"template":"","format":"standard","meta":{"footnotes":""},"categories":[3],"tags":[],"class_list":["post-745","post","type-post","status-publish","format-standard","hentry","category-alhama","no-thumb"],"_links":{"self":[{"href":"https:\/\/ausencias.es\/alhama\/index.php?rest_route=\/wp\/v2\/posts\/745","targetHints":{"allow":["GET"]}}],"collection":[{"href":"https:\/\/ausencias.es\/alhama\/index.php?rest_route=\/wp\/v2\/posts"}],"about":[{"href":"https:\/\/ausencias.es\/alhama\/index.php?rest_route=\/wp\/v2\/types\/post"}],"author":[{"embeddable":true,"href":"https:\/\/ausencias.es\/alhama\/index.php?rest_route=\/wp\/v2\/users\/1"}],"replies":[{"embeddable":true,"href":"https:\/\/ausencias.es\/alhama\/index.php?rest_route=%2Fwp%2Fv2%2Fcomments&post=745"}],"version-history":[{"count":4,"href":"https:\/\/ausencias.es\/alhama\/index.php?rest_route=\/wp\/v2\/posts\/745\/revisions"}],"predecessor-version":[{"id":750,"href":"https:\/\/ausencias.es\/alhama\/index.php?rest_route=\/wp\/v2\/posts\/745\/revisions\/750"}],"wp:attachment":[{"href":"https:\/\/ausencias.es\/alhama\/index.php?rest_route=%2Fwp%2Fv2%2Fmedia&parent=745"}],"wp:term":[{"taxonomy":"category","embeddable":true,"href":"https:\/\/ausencias.es\/alhama\/index.php?rest_route=%2Fwp%2Fv2%2Fcategories&post=745"},{"taxonomy":"post_tag","embeddable":true,"href":"https:\/\/ausencias.es\/alhama\/index.php?rest_route=%2Fwp%2Fv2%2Ftags&post=745"}],"curies":[{"name":"wp","href":"https:\/\/api.w.org\/{rel}","templated":true}]}}