
{"id":833,"date":"2009-12-08T12:00:38","date_gmt":"2009-12-08T11:00:38","guid":{"rendered":"http:\/\/ausencias.es\/alhama\/?p=833"},"modified":"2009-12-08T21:28:24","modified_gmt":"2009-12-08T20:28:24","slug":"carlos-cubo-olmos","status":"publish","type":"post","link":"https:\/\/ausencias.es\/alhama\/?p=833","title":{"rendered":"Carlos Cubo Olmos"},"content":{"rendered":"<p><img loading=\"lazy\" decoding=\"async\" class=\"alignright size-full wp-image-834\" title=\"Carlos Cubo Olmos\" src=\"http:\/\/ausencias.es\/alhama\/wp-content\/uploads\/2009\/12\/carlos_cubo_olmos.gif\" alt=\"Carlos Cubo Olmos\" width=\"57\" height=\"85\" \/>Carlos Cubo Olmos, de 88 a\u00f1os.<\/p>\n<p>(01\/11\/1921 &#8211; 08\/12\/2009)<\/p>\n<p>Entierro: <strong>MI\u00e9rcoles d\u00eda 9<\/strong> de diciembre a las <strong>12 del mediod\u00eda<\/strong>.<\/p>\n<p>Ceremonia religiosa: Iglesia del Carmen de Alhama de Granada<\/p>\n","protected":false},"excerpt":{"rendered":"<p>Carlos Cubo Olmos, de 88 a\u00f1os. (01\/11\/1921 &#8211; 08\/12\/2009) Entierro: MI\u00e9rcoles d\u00eda 9 de diciembre a las 12 del mediod\u00eda. Ceremonia religiosa: Iglesia del Carmen de Alhama de Granada<\/p>\n","protected":false},"author":1,"featured_media":0,"comment_status":"open","ping_status":"open","sticky":false,"template":"","format":"standard","meta":{"footnotes":""},"categories":[3],"tags":[],"class_list":["post-833","post","type-post","status-publish","format-standard","hentry","category-alhama","no-thumb"],"_links":{"self":[{"href":"https:\/\/ausencias.es\/alhama\/index.php?rest_route=\/wp\/v2\/posts\/833","targetHints":{"allow":["GET"]}}],"collection":[{"href":"https:\/\/ausencias.es\/alhama\/index.php?rest_route=\/wp\/v2\/posts"}],"about":[{"href":"https:\/\/ausencias.es\/alhama\/index.php?rest_route=\/wp\/v2\/types\/post"}],"author":[{"embeddable":true,"href":"https:\/\/ausencias.es\/alhama\/index.php?rest_route=\/wp\/v2\/users\/1"}],"replies":[{"embeddable":true,"href":"https:\/\/ausencias.es\/alhama\/index.php?rest_route=%2Fwp%2Fv2%2Fcomments&post=833"}],"version-history":[{"count":1,"href":"https:\/\/ausencias.es\/alhama\/index.php?rest_route=\/wp\/v2\/posts\/833\/revisions"}],"predecessor-version":[{"id":835,"href":"https:\/\/ausencias.es\/alhama\/index.php?rest_route=\/wp\/v2\/posts\/833\/revisions\/835"}],"wp:attachment":[{"href":"https:\/\/ausencias.es\/alhama\/index.php?rest_route=%2Fwp%2Fv2%2Fmedia&parent=833"}],"wp:term":[{"taxonomy":"category","embeddable":true,"href":"https:\/\/ausencias.es\/alhama\/index.php?rest_route=%2Fwp%2Fv2%2Fcategories&post=833"},{"taxonomy":"post_tag","embeddable":true,"href":"https:\/\/ausencias.es\/alhama\/index.php?rest_route=%2Fwp%2Fv2%2Ftags&post=833"}],"curies":[{"name":"wp","href":"https:\/\/api.w.org\/{rel}","templated":true}]}}