
{"id":1018,"date":"2025-07-24T19:00:17","date_gmt":"2025-07-24T17:00:17","guid":{"rendered":"https:\/\/ausencias.es\/jatar\/?p=1018"},"modified":"2025-07-24T23:36:01","modified_gmt":"2025-07-24T21:36:01","slug":"socorro-retamero-olmos","status":"publish","type":"post","link":"https:\/\/ausencias.es\/jatar\/?p=1018","title":{"rendered":"Socorro Retamero Olmos"},"content":{"rendered":"<p><img loading=\"lazy\" decoding=\"async\" class=\"alignleft wp-image-1019 size-full\" title=\"Socorro Retamero Olmos\" src=\"https:\/\/ausencias.es\/jatar\/wp-content\/uploads\/2025\/07\/socorro_retamero_olmos.jpg\" alt=\"Socorro Retamero Olmos\" width=\"85\" height=\"113\" \/>Socorro Retamero Olmos, de 62 a\u00f1os.<br \/>\n(26-01-1963 \/ 24-07-2025)<br \/>\nVelatorio tanatorio Parcemasa, M\u00e1laga.<br \/>\nEntierro cat\u00f3lico en J\u00e1tar.<br \/>\nViernes 25 de julio, 7 de la tarde.<\/p>\n","protected":false},"excerpt":{"rendered":"<p>Socorro Retamero Olmos, de 62 a\u00f1os. (26-01-1963 \/ 24-07-2025) Velatorio tanatorio Parcemasa, M\u00e1laga. Entierro cat\u00f3lico en J\u00e1tar. Viernes 25 de julio, 7 de la tarde.<\/p>\n","protected":false},"author":1,"featured_media":0,"comment_status":"open","ping_status":"open","sticky":false,"template":"","format":"standard","meta":{"footnotes":""},"categories":[1],"tags":[],"class_list":["post-1018","post","type-post","status-publish","format-standard","hentry","category-jatar","no-thumb"],"_links":{"self":[{"href":"https:\/\/ausencias.es\/jatar\/index.php?rest_route=\/wp\/v2\/posts\/1018","targetHints":{"allow":["GET"]}}],"collection":[{"href":"https:\/\/ausencias.es\/jatar\/index.php?rest_route=\/wp\/v2\/posts"}],"about":[{"href":"https:\/\/ausencias.es\/jatar\/index.php?rest_route=\/wp\/v2\/types\/post"}],"author":[{"embeddable":true,"href":"https:\/\/ausencias.es\/jatar\/index.php?rest_route=\/wp\/v2\/users\/1"}],"replies":[{"embeddable":true,"href":"https:\/\/ausencias.es\/jatar\/index.php?rest_route=%2Fwp%2Fv2%2Fcomments&post=1018"}],"version-history":[{"count":2,"href":"https:\/\/ausencias.es\/jatar\/index.php?rest_route=\/wp\/v2\/posts\/1018\/revisions"}],"predecessor-version":[{"id":1021,"href":"https:\/\/ausencias.es\/jatar\/index.php?rest_route=\/wp\/v2\/posts\/1018\/revisions\/1021"}],"wp:attachment":[{"href":"https:\/\/ausencias.es\/jatar\/index.php?rest_route=%2Fwp%2Fv2%2Fmedia&parent=1018"}],"wp:term":[{"taxonomy":"category","embeddable":true,"href":"https:\/\/ausencias.es\/jatar\/index.php?rest_route=%2Fwp%2Fv2%2Fcategories&post=1018"},{"taxonomy":"post_tag","embeddable":true,"href":"https:\/\/ausencias.es\/jatar\/index.php?rest_route=%2Fwp%2Fv2%2Ftags&post=1018"}],"curies":[{"name":"wp","href":"https:\/\/api.w.org\/{rel}","templated":true}]}}