
{"id":826,"date":"2011-07-24T01:00:31","date_gmt":"2011-07-24T01:00:31","guid":{"rendered":"http:\/\/ausencias.es\/jatar\/?p=826"},"modified":"2018-11-19T19:15:59","modified_gmt":"2018-11-19T18:15:59","slug":"valeriana-mediavilla-fernandez","status":"publish","type":"post","link":"https:\/\/ausencias.es\/jatar\/?p=826","title":{"rendered":"Valeriana Mediavilla Fern\u00e1ndez"},"content":{"rendered":"<p>Valeriana Mediavilla Fern\u00e1ndez, de 78 a\u00f1os.<br \/>\n(27\/08\/1933 \u2013 24\/07\/2011)<br \/>\nEntierro:\u00a0<strong>Domingo d\u00eda 24<\/strong> de\u00a0julio a\u00a0 las <strong>8 de la tarde<\/strong>.<br \/>\nCeremonia religiosa: Iglesia de J\u00e1tar.<\/p>\n","protected":false},"excerpt":{"rendered":"<p>Valeriana Mediavilla Fern\u00e1ndez, de 78 a\u00f1os. (27\/08\/1933 \u2013 24\/07\/2011) Entierro:\u00a0Domingo d\u00eda 24 de\u00a0julio a\u00a0 las 8 de la tarde. Ceremonia religiosa: Iglesia de J\u00e1tar.<\/p>\n","protected":false},"author":1,"featured_media":0,"comment_status":"open","ping_status":"open","sticky":false,"template":"","format":"standard","meta":{"footnotes":""},"categories":[1],"tags":[],"class_list":["post-826","post","type-post","status-publish","format-standard","hentry","category-jatar","no-thumb"],"_links":{"self":[{"href":"https:\/\/ausencias.es\/jatar\/index.php?rest_route=\/wp\/v2\/posts\/826","targetHints":{"allow":["GET"]}}],"collection":[{"href":"https:\/\/ausencias.es\/jatar\/index.php?rest_route=\/wp\/v2\/posts"}],"about":[{"href":"https:\/\/ausencias.es\/jatar\/index.php?rest_route=\/wp\/v2\/types\/post"}],"author":[{"embeddable":true,"href":"https:\/\/ausencias.es\/jatar\/index.php?rest_route=\/wp\/v2\/users\/1"}],"replies":[{"embeddable":true,"href":"https:\/\/ausencias.es\/jatar\/index.php?rest_route=%2Fwp%2Fv2%2Fcomments&post=826"}],"version-history":[{"count":2,"href":"https:\/\/ausencias.es\/jatar\/index.php?rest_route=\/wp\/v2\/posts\/826\/revisions"}],"predecessor-version":[{"id":904,"href":"https:\/\/ausencias.es\/jatar\/index.php?rest_route=\/wp\/v2\/posts\/826\/revisions\/904"}],"wp:attachment":[{"href":"https:\/\/ausencias.es\/jatar\/index.php?rest_route=%2Fwp%2Fv2%2Fmedia&parent=826"}],"wp:term":[{"taxonomy":"category","embeddable":true,"href":"https:\/\/ausencias.es\/jatar\/index.php?rest_route=%2Fwp%2Fv2%2Fcategories&post=826"},{"taxonomy":"post_tag","embeddable":true,"href":"https:\/\/ausencias.es\/jatar\/index.php?rest_route=%2Fwp%2Fv2%2Ftags&post=826"}],"curies":[{"name":"wp","href":"https:\/\/api.w.org\/{rel}","templated":true}]}}