
{"id":825,"date":"2013-08-03T20:02:03","date_gmt":"2013-08-03T20:02:03","guid":{"rendered":"http:\/\/ausencias.es\/jayena\/?p=825"},"modified":"2018-04-07T23:57:50","modified_gmt":"2018-04-07T21:57:50","slug":"sandra-almenara-garcia","status":"publish","type":"post","link":"https:\/\/ausencias.es\/jayena\/?p=825","title":{"rendered":"Sandra Almenara Garc\u00eda"},"content":{"rendered":"<p><img loading=\"lazy\" decoding=\"async\" class=\"size-full wp-image-826 alignleft\" src=\"http:\/\/ausencias.es\/jayena\/wp-content\/uploads\/2013\/08\/sandra_almenara_garcia.gif\" alt=\"Sandra Almenara Garc\u00eda\" width=\"57\" height=\"85\" \/>Sandra Almenara Garc\u00eda, de 23 a\u00f1os.<br \/>\n(27-01-1990 \/ 03-08-2013)<br \/>\nVelatorio: Edificio de usos m\u00faltiples Garc\u00eda Lorca, sito en la calle M\u00e1laga.<br \/>\nEntierro: <strong>Lunes 5<\/strong> de agosto, a las <strong>9:30 de la ma\u00f1ana<\/strong>.<br \/>\n* La noticia en<a href=\"http:\/\/alhama.com\/digital\/comarca\/jayena\/6868\" target=\"_blank\" rel=\"noopener\"><strong> Alhama Comunicaci\u00f3n<\/strong><\/a>.<\/p>\n","protected":false},"excerpt":{"rendered":"<p>Sandra Almenara Garc\u00eda, de 23 a\u00f1os. (27-01-1990 \/ 03-08-2013) Velatorio: Edificio de usos m\u00faltiples Garc\u00eda Lorca, sito en la calle M\u00e1laga. Entierro: Lunes 5 de agosto, a las 9:30 de la ma\u00f1ana. * La noticia en Alhama Comunicaci\u00f3n.<\/p>\n","protected":false},"author":1,"featured_media":0,"comment_status":"open","ping_status":"open","sticky":false,"template":"","format":"standard","meta":{"footnotes":""},"categories":[1],"tags":[],"class_list":["post-825","post","type-post","status-publish","format-standard","hentry","category-jayena","no-thumb"],"_links":{"self":[{"href":"https:\/\/ausencias.es\/jayena\/index.php?rest_route=\/wp\/v2\/posts\/825","targetHints":{"allow":["GET"]}}],"collection":[{"href":"https:\/\/ausencias.es\/jayena\/index.php?rest_route=\/wp\/v2\/posts"}],"about":[{"href":"https:\/\/ausencias.es\/jayena\/index.php?rest_route=\/wp\/v2\/types\/post"}],"author":[{"embeddable":true,"href":"https:\/\/ausencias.es\/jayena\/index.php?rest_route=\/wp\/v2\/users\/1"}],"replies":[{"embeddable":true,"href":"https:\/\/ausencias.es\/jayena\/index.php?rest_route=%2Fwp%2Fv2%2Fcomments&post=825"}],"version-history":[{"count":7,"href":"https:\/\/ausencias.es\/jayena\/index.php?rest_route=\/wp\/v2\/posts\/825\/revisions"}],"predecessor-version":[{"id":893,"href":"https:\/\/ausencias.es\/jayena\/index.php?rest_route=\/wp\/v2\/posts\/825\/revisions\/893"}],"wp:attachment":[{"href":"https:\/\/ausencias.es\/jayena\/index.php?rest_route=%2Fwp%2Fv2%2Fmedia&parent=825"}],"wp:term":[{"taxonomy":"category","embeddable":true,"href":"https:\/\/ausencias.es\/jayena\/index.php?rest_route=%2Fwp%2Fv2%2Fcategories&post=825"},{"taxonomy":"post_tag","embeddable":true,"href":"https:\/\/ausencias.es\/jayena\/index.php?rest_route=%2Fwp%2Fv2%2Ftags&post=825"}],"curies":[{"name":"wp","href":"https:\/\/api.w.org\/{rel}","templated":true}]}}